{"id":3329,"date":"2026-08-31T12:09:35","date_gmt":"2026-08-31T17:09:35","guid":{"rendered":"https:\/\/rezoboul.com\/sports\/?p=3329"},"modified":"2026-08-31T12:21:51","modified_gmt":"2026-08-31T17:21:51","slug":"officiel-lionel-messi-annonce-sa-retraite-internationale-et-tourne-la-page-albiceleste","status":"publish","type":"post","link":"https:\/\/rezoboul.com\/sports\/officiel-lionel-messi-annonce-sa-retraite-internationale-et-tourne-la-page-albiceleste\/","title":{"rendered":"Officiel : Lionel Messi annonce sa retraite internationale et tourne la page Albiceleste !"},"content":{"rendered":"Le monde du football retient son souffle devant la fin d\u2019un chapitre l\u00e9gendaire. Lionel Messi a officiellement annonc\u00e9 qu\u2019il mettait un terme \u00e0 sa carri\u00e8re internationale avec l\u2019Argentine, marquant la fin de la plus glorieuse \u00e9poque de l\u2019histoire de la s\u00e9lection albiceleste. Plus de deux d\u00e9cennies d\u2019histoire et un palmar\u00e8s monumental Apr\u00e8s plus de 20 ans \u00e0 arborer la tunique nationale depuis ses d\u00e9buts chez les jeunes, le capitaine et num\u00e9ro 10 argentin tire sa r\u00e9v\u00e9rence au sommet de son art : La conqu\u00eate de l\u2019Am\u00e9rique : Apr\u00e8s des ann\u00e9es de qu\u00eate, il a guid\u00e9 l\u2019Argentine vers deux sacres cons\u00e9cutifs en Copa Am\u00e9rica (2021 et 2024). Le graal mondial : L\u2019aboutissement ultime de sa carri\u00e8re avec la victoire historique lors de la Coupe du monde 2022 au Qatar. Des records imbattables : Il quitte la s\u00e9lection en tant que joueur le plus cap\u00e9 et meilleur buteur de l\u2019histoire du football argentin. La fin d\u2019une \u00e8re dor\u00e9e pour le football argentin Le d\u00e9part du num\u00e9ro 10 laisse un vide immense dans le paysage du football mondial et marque le d\u00e9but d\u2019une transition d\u00e9licate pour l\u2019\u00e9quipe dirig\u00e9e par Lionel Scaloni. Avec ce retrait, l\u2019Argentine dit adieu au plus grand joueur de son histoire contemporaine. L\u2019essentiel \u00e0 retenir : Joueur : Lionel Messi (39 ans). D\u00e9cision : Retraite internationale officielle. Palmar\u00e8s majeur : 1 Coupe du monde (2022), 2 Copa Am\u00e9rica (2021, 2024), 1 Finalissima (2022). Statut : L\u00e9gende absolue, meilleur buteur et passeur de l\u2019histoire de l\u2019Albiceleste.","protected":false},"excerpt":{"rendered":"Le monde du football retient son souffle devant la fin d\u2019un chapitre l\u00e9gendaire. Lionel Messi a officiellement annonc\u00e9 qu\u2019il mettait un terme \u00e0 sa carri\u00e8re internationale avec l\u2019Argentine, marquant la fin de la plus glorieuse \u00e9poque de l\u2019histoire de la s\u00e9lection albiceleste. Plus de deux d\u00e9cennies d\u2019histoire et un palmar\u00e8s monumental Apr\u00e8s plus de 20 [\u2026]","protected":false},"author":3,"featured_media":3333,"comment_status":"open","ping_status":"open","sticky":false,"template":"","format":"standard","meta":{"footnotes":""},"categories":[12,20],"tags":[1135,811,1553,1317,103,1369,1421],"equipe":[],"stream":[],"class_list":["post-3329","post","type-post","status-publish","format-standard","has-post-thumbnail","hentry","category-football","category-top","tag-albiceleste","tag-argentine","tag-copa-america","tag-coupe-du-monde","tag-lionel-messi","tag-retraite-internationale","tag-rezoboul"],"yoast_head":"<!-- This site is optimized with the Yoast SEO plugin v26.8 - https:\/\/yoast.com\/product\/yoast-seo-wordpress\/ -->\n<title>Lionel Messi annonce sa retraite internationale avec l\u2019Argentine !<\/title>\n<meta name=\"description\" content=\"Une page d&#039;histoire se tourne. Lionel Messi a officiellement annonc\u00e9 sa retraite internationale avec l&#039;Argentine apr\u00e8s plus de 20 ans sous le maillot albiceleste.\" \/>\n<meta name=\"robots\" content=\"index, follow, max-snippet:-1, max-image-preview:large, max-video-preview:-1\" \/>\n<link rel=\"canonical\" href=\"https:\/\/rezoboul.com\/sports\/officiel-lionel-messi-annonce-sa-retraite-internationale-et-tourne-la-page-albiceleste\/\" \/>\n<meta property=\"og:locale\" content=\"en_US\" \/>\n<meta property=\"og:type\" content=\"article\" \/>\n<meta property=\"og:title\" content=\"Lionel Messi annonce sa retraite internationale avec l\u2019Argentine !\" \/>\n<meta property=\"og:description\" content=\"Une page d&#039;histoire se tourne. Lionel Messi a officiellement annonc\u00e9 sa retraite internationale avec l&#039;Argentine apr\u00e8s plus de 20 ans sous le maillot albiceleste.\" \/>\n<meta property=\"og:url\" content=\"https:\/\/rezoboul.com\/sports\/officiel-lionel-messi-annonce-sa-retraite-internationale-et-tourne-la-page-albiceleste\/\" \/>\n<meta property=\"og:site_name\" content=\"Rezoboul\" \/>\n<meta property=\"article:published_time\" content=\"2026-08-31T17:09:35+00:00\" \/>\n<meta property=\"article:modified_time\" content=\"2026-08-31T17:21:51+00:00\" \/>\n<meta property=\"og:image\" content=\"https:\/\/rezoboul.com\/sports\/wp-content\/uploads\/2026\/08\/bltf7438ea2e21a05b2.webp\" \/>\n\t<meta property=\"og:image:width\" content=\"1400\" \/>\n\t<meta property=\"og:image:height\" content=\"788\" \/>\n\t<meta property=\"og:image:type\" content=\"image\/webp\" \/>\n<meta name=\"author\" content=\"Rezoboul\" \/>\n<meta name=\"twitter:card\" content=\"summary_large_image\" \/>\n<meta name=\"twitter:label1\" content=\"Written by\" \/>\n\t<meta name=\"twitter:data1\" content=\"Rezoboul\" \/>\n\t<meta name=\"twitter:label2\" content=\"Est. reading time\" \/>\n\t<meta name=\"twitter:data2\" content=\"2 minutes\" \/>\n<script type=\"application\/ld+json\" class=\"yoast-schema-graph\">{\"@context\":\"https:\/\/schema.org\",\"@graph\":[{\"@type\":\"Article\",\"@id\":\"https:\/\/rezoboul.com\/sports\/officiel-lionel-messi-annonce-sa-retraite-internationale-et-tourne-la-page-albiceleste\/#article\",\"isPartOf\":{\"@id\":\"https:\/\/rezoboul.com\/sports\/officiel-lionel-messi-annonce-sa-retraite-internationale-et-tourne-la-page-albiceleste\/\"},\"author\":{\"name\":\"Rezoboul\",\"@id\":\"https:\/\/rezoboul.com\/sports\/#\/schema\/person\/1f3c4244e3046635ac128602f2c08dc8\"},\"headline\":\"Officiel : Lionel Messi annonce sa retraite internationale et tourne la page Albiceleste !\",\"datePublished\":\"2026-08-31T17:09:35+00:00\",\"dateModified\":\"2026-08-31T17:21:51+00:00\",\"mainEntityOfPage\":{\"@id\":\"https:\/\/rezoboul.com\/sports\/officiel-lionel-messi-annonce-sa-retraite-internationale-et-tourne-la-page-albiceleste\/\"},\"wordCount\":276,\"commentCount\":0,\"image\":{\"@id\":\"https:\/\/rezoboul.com\/sports\/officiel-lionel-messi-annonce-sa-retraite-internationale-et-tourne-la-page-albiceleste\/#primaryimage\"},\"thumbnailUrl\":\"https:\/\/rezoboul.com\/sports\/wp-content\/uploads\/2026\/08\/bltf7438ea2e21a05b2.webp\",\"keywords\":[\"Albiceleste\",\"Argentine\",\"Copa Am\u00e9rica\",\"Coupe du monde\",\"Lionel Messi\",\"Retraite internationale\",\"Rezoboul\"],\"articleSection\":[\"Football\",\"Top\"],\"inLanguage\":\"en-US\",\"potentialAction\":[{\"@type\":\"CommentAction\",\"name\":\"Comment\",\"target\":[\"https:\/\/rezoboul.com\/sports\/officiel-lionel-messi-annonce-sa-retraite-internationale-et-tourne-la-page-albiceleste\/#respond\"]}]},{\"@type\":\"WebPage\",\"@id\":\"https:\/\/rezoboul.com\/sports\/officiel-lionel-messi-annonce-sa-retraite-internationale-et-tourne-la-page-albiceleste\/\",\"url\":\"https:\/\/rezoboul.com\/sports\/officiel-lionel-messi-annonce-sa-retraite-internationale-et-tourne-la-page-albiceleste\/\",\"name\":\"Lionel Messi annonce sa retraite internationale avec l\u2019Argentine !\",\"isPartOf\":{\"@id\":\"https:\/\/rezoboul.com\/sports\/#website\"},\"primaryImageOfPage\":{\"@id\":\"https:\/\/rezoboul.com\/sports\/officiel-lionel-messi-annonce-sa-retraite-internationale-et-tourne-la-page-albiceleste\/#primaryimage\"},\"image\":{\"@id\":\"https:\/\/rezoboul.com\/sports\/officiel-lionel-messi-annonce-sa-retraite-internationale-et-tourne-la-page-albiceleste\/#primaryimage\"},\"thumbnailUrl\":\"https:\/\/rezoboul.com\/sports\/wp-content\/uploads\/2026\/08\/bltf7438ea2e21a05b2.webp\",\"datePublished\":\"2026-08-31T17:09:35+00:00\",\"dateModified\":\"2026-08-31T17:21:51+00:00\",\"author\":{\"@id\":\"https:\/\/rezoboul.com\/sports\/#\/schema\/person\/1f3c4244e3046635ac128602f2c08dc8\"},\"description\":\"Une page d'histoire se tourne. Lionel Messi a officiellement annonc\u00e9 sa retraite internationale avec l'Argentine apr\u00e8s plus de 20 ans sous le maillot albiceleste.\",\"breadcrumb\":{\"@id\":\"https:\/\/rezoboul.com\/sports\/officiel-lionel-messi-annonce-sa-retraite-internationale-et-tourne-la-page-albiceleste\/#breadcrumb\"},\"inLanguage\":\"en-US\",\"potentialAction\":[{\"@type\":\"ReadAction\",\"target\":[\"https:\/\/rezoboul.com\/sports\/officiel-lionel-messi-annonce-sa-retraite-internationale-et-tourne-la-page-albiceleste\/\"]}]},{\"@type\":\"ImageObject\",\"inLanguage\":\"en-US\",\"@id\":\"https:\/\/rezoboul.com\/sports\/officiel-lionel-messi-annonce-sa-retraite-internationale-et-tourne-la-page-albiceleste\/#primaryimage\",\"url\":\"https:\/\/rezoboul.com\/sports\/wp-content\/uploads\/2026\/08\/bltf7438ea2e21a05b2.webp\",\"contentUrl\":\"https:\/\/rezoboul.com\/sports\/wp-content\/uploads\/2026\/08\/bltf7438ea2e21a05b2.webp\",\"width\":1400,\"height\":788},{\"@type\":\"BreadcrumbList\",\"@id\":\"https:\/\/rezoboul.com\/sports\/officiel-lionel-messi-annonce-sa-retraite-internationale-et-tourne-la-page-albiceleste\/#breadcrumb\",\"itemListElement\":[{\"@type\":\"ListItem\",\"position\":1,\"name\":\"Home\",\"item\":\"https:\/\/rezoboul.com\/sports\/\"},{\"@type\":\"ListItem\",\"position\":2,\"name\":\"Officiel : Lionel Messi annonce sa retraite internationale et tourne la page Albiceleste !\"}]},{\"@type\":\"WebSite\",\"@id\":\"https:\/\/rezoboul.com\/sports\/#website\",\"url\":\"https:\/\/rezoboul.com\/sports\/\",\"name\":\"Rezoboul\",\"description\":\"\",\"potentialAction\":[{\"@type\":\"SearchAction\",\"target\":{\"@type\":\"EntryPoint\",\"urlTemplate\":\"https:\/\/rezoboul.com\/sports\/?s={search_term_string}\"},\"query-input\":{\"@type\":\"PropertyValueSpecification\",\"valueRequired\":true,\"valueName\":\"search_term_string\"}}],\"inLanguage\":\"en-US\"},{\"@type\":\"Person\",\"@id\":\"https:\/\/rezoboul.com\/sports\/#\/schema\/person\/1f3c4244e3046635ac128602f2c08dc8\",\"name\":\"Rezoboul\",\"image\":{\"@type\":\"ImageObject\",\"inLanguage\":\"en-US\",\"@id\":\"https:\/\/rezoboul.com\/sports\/#\/schema\/person\/image\/\",\"url\":\"https:\/\/secure.gravatar.com\/avatar\/fc09f5a793f9b2fe75d0c430339b3e6edb82011a1731202d4c8704f8fc6e86e2?s=96&d=mm&r=g\",\"contentUrl\":\"https:\/\/secure.gravatar.com\/avatar\/fc09f5a793f9b2fe75d0c430339b3e6edb82011a1731202d4c8704f8fc6e86e2?s=96&d=mm&r=g\",\"caption\":\"Rezoboul\"},\"url\":\"https:\/\/rezoboul.com\/sports\/author\/redacteur\/\"}]}<\/script>\n<!-- \/ Yoast SEO plugin. -->","yoast_head_json":{"title":"Lionel Messi annonce sa retraite internationale avec l\u2019Argentine !","description":"Une page d'histoire se tourne. Lionel Messi a officiellement annonc\u00e9 sa retraite internationale avec l'Argentine apr\u00e8s plus de 20 ans sous le maillot albiceleste.","robots":{"index":"index","follow":"follow","max-snippet":"max-snippet:-1","max-image-preview":"max-image-preview:large","max-video-preview":"max-video-preview:-1"},"canonical":"https:\/\/rezoboul.com\/sports\/officiel-lionel-messi-annonce-sa-retraite-internationale-et-tourne-la-page-albiceleste\/","og_locale":"en_US","og_type":"article","og_title":"Lionel Messi annonce sa retraite internationale avec l\u2019Argentine !","og_description":"Une page d'histoire se tourne. Lionel Messi a officiellement annonc\u00e9 sa retraite internationale avec l'Argentine apr\u00e8s plus de 20 ans sous le maillot albiceleste.","og_url":"https:\/\/rezoboul.com\/sports\/officiel-lionel-messi-annonce-sa-retraite-internationale-et-tourne-la-page-albiceleste\/","og_site_name":"Rezoboul","article_published_time":"2026-08-31T17:09:35+00:00","article_modified_time":"2026-08-31T17:21:51+00:00","og_image":[{"width":1400,"height":788,"url":"https:\/\/rezoboul.com\/sports\/wp-content\/uploads\/2026\/08\/bltf7438ea2e21a05b2.webp","type":"image\/webp"}],"author":"Rezoboul","twitter_card":"summary_large_image","twitter_misc":{"Written by":"Rezoboul","Est. reading time":"2 minutes"},"schema":{"@context":"https:\/\/schema.org","@graph":[{"@type":"Article","@id":"https:\/\/rezoboul.com\/sports\/officiel-lionel-messi-annonce-sa-retraite-internationale-et-tourne-la-page-albiceleste\/#article","isPartOf":{"@id":"https:\/\/rezoboul.com\/sports\/officiel-lionel-messi-annonce-sa-retraite-internationale-et-tourne-la-page-albiceleste\/"},"author":{"name":"Rezoboul","@id":"https:\/\/rezoboul.com\/sports\/#\/schema\/person\/1f3c4244e3046635ac128602f2c08dc8"},"headline":"Officiel : Lionel Messi annonce sa retraite internationale et tourne la page Albiceleste !","datePublished":"2026-08-31T17:09:35+00:00","dateModified":"2026-08-31T17:21:51+00:00","mainEntityOfPage":{"@id":"https:\/\/rezoboul.com\/sports\/officiel-lionel-messi-annonce-sa-retraite-internationale-et-tourne-la-page-albiceleste\/"},"wordCount":276,"commentCount":0,"image":{"@id":"https:\/\/rezoboul.com\/sports\/officiel-lionel-messi-annonce-sa-retraite-internationale-et-tourne-la-page-albiceleste\/#primaryimage"},"thumbnailUrl":"https:\/\/rezoboul.com\/sports\/wp-content\/uploads\/2026\/08\/bltf7438ea2e21a05b2.webp","keywords":["Albiceleste","Argentine","Copa Am\u00e9rica","Coupe du monde","Lionel Messi","Retraite internationale","Rezoboul"],"articleSection":["Football","Top"],"inLanguage":"en-US","potentialAction":[{"@type":"CommentAction","name":"Comment","target":["https:\/\/rezoboul.com\/sports\/officiel-lionel-messi-annonce-sa-retraite-internationale-et-tourne-la-page-albiceleste\/#respond"]}]},{"@type":"WebPage","@id":"https:\/\/rezoboul.com\/sports\/officiel-lionel-messi-annonce-sa-retraite-internationale-et-tourne-la-page-albiceleste\/","url":"https:\/\/rezoboul.com\/sports\/officiel-lionel-messi-annonce-sa-retraite-internationale-et-tourne-la-page-albiceleste\/","name":"Lionel Messi annonce sa retraite internationale avec l\u2019Argentine !","isPartOf":{"@id":"https:\/\/rezoboul.com\/sports\/#website"},"primaryImageOfPage":{"@id":"https:\/\/rezoboul.com\/sports\/officiel-lionel-messi-annonce-sa-retraite-internationale-et-tourne-la-page-albiceleste\/#primaryimage"},"image":{"@id":"https:\/\/rezoboul.com\/sports\/officiel-lionel-messi-annonce-sa-retraite-internationale-et-tourne-la-page-albiceleste\/#primaryimage"},"thumbnailUrl":"https:\/\/rezoboul.com\/sports\/wp-content\/uploads\/2026\/08\/bltf7438ea2e21a05b2.webp","datePublished":"2026-08-31T17:09:35+00:00","dateModified":"2026-08-31T17:21:51+00:00","author":{"@id":"https:\/\/rezoboul.com\/sports\/#\/schema\/person\/1f3c4244e3046635ac128602f2c08dc8"},"description":"Une page d'histoire se tourne. Lionel Messi a officiellement annonc\u00e9 sa retraite internationale avec l'Argentine apr\u00e8s plus de 20 ans sous le maillot albiceleste.","breadcrumb":{"@id":"https:\/\/rezoboul.com\/sports\/officiel-lionel-messi-annonce-sa-retraite-internationale-et-tourne-la-page-albiceleste\/#breadcrumb"},"inLanguage":"en-US","potentialAction":[{"@type":"ReadAction","target":["https:\/\/rezoboul.com\/sports\/officiel-lionel-messi-annonce-sa-retraite-internationale-et-tourne-la-page-albiceleste\/"]}]},{"@type":"ImageObject","inLanguage":"en-US","@id":"https:\/\/rezoboul.com\/sports\/officiel-lionel-messi-annonce-sa-retraite-internationale-et-tourne-la-page-albiceleste\/#primaryimage","url":"https:\/\/rezoboul.com\/sports\/wp-content\/uploads\/2026\/08\/bltf7438ea2e21a05b2.webp","contentUrl":"https:\/\/rezoboul.com\/sports\/wp-content\/uploads\/2026\/08\/bltf7438ea2e21a05b2.webp","width":1400,"height":788},{"@type":"BreadcrumbList","@id":"https:\/\/rezoboul.com\/sports\/officiel-lionel-messi-annonce-sa-retraite-internationale-et-tourne-la-page-albiceleste\/#breadcrumb","itemListElement":[{"@type":"ListItem","position":1,"name":"Home","item":"https:\/\/rezoboul.com\/sports\/"},{"@type":"ListItem","position":2,"name":"Officiel : Lionel Messi annonce sa retraite internationale et tourne la page Albiceleste !"}]},{"@type":"WebSite","@id":"https:\/\/rezoboul.com\/sports\/#website","url":"https:\/\/rezoboul.com\/sports\/","name":"Rezoboul","description":"","potentialAction":[{"@type":"SearchAction","target":{"@type":"EntryPoint","urlTemplate":"https:\/\/rezoboul.com\/sports\/?s={search_term_string}"},"query-input":{"@type":"PropertyValueSpecification","valueRequired":true,"valueName":"search_term_string"}}],"inLanguage":"en-US"},{"@type":"Person","@id":"https:\/\/rezoboul.com\/sports\/#\/schema\/person\/1f3c4244e3046635ac128602f2c08dc8","name":"Rezoboul","image":{"@type":"ImageObject","inLanguage":"en-US","@id":"https:\/\/rezoboul.com\/sports\/#\/schema\/person\/image\/","url":"https:\/\/secure.gravatar.com\/avatar\/fc09f5a793f9b2fe75d0c430339b3e6edb82011a1731202d4c8704f8fc6e86e2?s=96&d=mm&r=g","contentUrl":"https:\/\/secure.gravatar.com\/avatar\/fc09f5a793f9b2fe75d0c430339b3e6edb82011a1731202d4c8704f8fc6e86e2?s=96&d=mm&r=g","caption":"Rezoboul"},"url":"https:\/\/rezoboul.com\/sports\/author\/redacteur\/"}]}},"date_time_formatee":"31 Aug 2026 12:09","author_name":"Rezoboul","focus_2":{"value":"Lionel Messi","rendered":"Lionel Messi"},"photo_description":{"value":"","rendered":""},"nom_equipe":{"value":false,"rendered":false},"date_ou_score_1":{"value":"","rendered":""},"texte_millieu":{"value":"VS","rendered":"VS"},"nom_equipe_2":{"value":false,"rendered":false},"date_ou_score_2":{"value":"","rendered":""},"_links":{"self":[{"href":"https:\/\/rezoboul.com\/sports\/wp-json\/wp\/v2\/posts\/3329","targetHints":{"allow":["GET"]}}],"collection":[{"href":"https:\/\/rezoboul.com\/sports\/wp-json\/wp\/v2\/posts"}],"about":[{"href":"https:\/\/rezoboul.com\/sports\/wp-json\/wp\/v2\/types\/post"}],"author":[{"embeddable":true,"href":"https:\/\/rezoboul.com\/sports\/wp-json\/wp\/v2\/users\/3"}],"replies":[{"embeddable":true,"href":"https:\/\/rezoboul.com\/sports\/wp-json\/wp\/v2\/comments?post=3329"}],"version-history":[{"count":2,"href":"https:\/\/rezoboul.com\/sports\/wp-json\/wp\/v2\/posts\/3329\/revisions"}],"predecessor-version":[{"id":3332,"href":"https:\/\/rezoboul.com\/sports\/wp-json\/wp\/v2\/posts\/3329\/revisions\/3332"}],"wp:featuredmedia":[{"embeddable":true,"href":"https:\/\/rezoboul.com\/sports\/wp-json\/wp\/v2\/media\/3333"}],"wp:attachment":[{"href":"https:\/\/rezoboul.com\/sports\/wp-json\/wp\/v2\/media?parent=3329"}],"wp:term":[{"taxonomy":"category","embeddable":true,"href":"https:\/\/rezoboul.com\/sports\/wp-json\/wp\/v2\/categories?post=3329"},{"taxonomy":"post_tag","embeddable":true,"href":"https:\/\/rezoboul.com\/sports\/wp-json\/wp\/v2\/tags?post=3329"},{"taxonomy":"equipe","embeddable":true,"href":"https:\/\/rezoboul.com\/sports\/wp-json\/wp\/v2\/equipe?post=3329"},{"taxonomy":"stream","embeddable":true,"href":"https:\/\/rezoboul.com\/sports\/wp-json\/wp\/v2\/stream?post=3329"}],"curies":[{"name":"wp","href":"https:\/\/api.w.org\/{rel}","templated":true}]}}